{"id":2549,"date":"2013-12-06T09:31:00","date_gmt":"2013-12-06T08:31:00","guid":{"rendered":"http:\/\/news.hahnemuehle.com\/?p=2549"},"modified":"2016-06-09T23:49:22","modified_gmt":"2016-06-09T21:49:22","slug":"der-hahnemuehle-kunst-kalender-2014-im-zeichen-der-musik-2","status":"publish","type":"post","link":"https:\/\/blog.hahnemuehle.com\/fr\/der-hahnemuehle-kunst-kalender-2014-im-zeichen-der-musik-2\/","title":{"rendered":"D\u00e9licate harmonie : le calendrier Hahnem\u00fchle 2014, sur le th\u00e8me \u00ab\u00a0Musique\u00a0\u00bb d\u00e9voil\u00e9 !"},"content":{"rendered":"<p>Pr\u00e8s de 700 images cr\u00e9\u00e9es par 350 artistes de 29 pays ont particip\u00e9 au concours \u00a0international 2013 pour le Calendrier Hahnem\u00fchle 2014 \u00a0sur le th\u00e8me \u00abMusique\u00bb . Aquarelles, peintures acryliques, collages, dessins, pastels et gravures\u00a0repr\u00e9sentant\u00a0des instruments, des musiciens, des sc\u00e8nes de concert et des danses.<\/p>\n<p>Devant l&rsquo;abondance des soumission, c&rsquo;\u00e9tait , comme \u00e0 chaque fois, une t\u00e2che difficile pour le jury de s\u00e9lectionner les 12 motifs qui vont illustrer le calendrier. Le choix est fait. Hahnem\u00fchle est fier de pr\u00e9senter les oeuvres gagnantes de son\u00a0calendrier artistique\u00a02014 . \u00ab\u00a0<i>Nous avons pris en compte la suggestion de nombreux fans qui ont demand\u00e9 \u00e0 ce que toutes les techniques de dessins et peinture puissent\u00a0concouri<\/i>r\u00a0\u00bb, explique Norbert Klinke , Directeur Marketing &amp; Sales de Hahnem\u00fchle FineArt .<\/p>\n<p><a href=\"http:\/\/blog.hahnemuehle.com\/wp-content\/uploads\/sites\/10\/2013\/12\/Collage-Deckblatt-und-Gewinner.jpg\"><img loading=\"lazy\" decoding=\"async\" src=\"http:\/\/blog.hahnemuehle.com\/wp-content\/uploads\/sites\/10\/2013\/12\/Collage-Deckblatt-und-Gewinner-300x143.jpg\" alt=\"Collage Deckblatt und Gewinner\" width=\"389\" height=\"185\" \/><\/a><\/p>\n<p>La seule condition : les \u0153uvres d&rsquo;art devaient \u00eatre cr\u00e9\u00e9es sp\u00e9cialement pour ce concours sur un papier Hahnem\u00fchle ou Lana. Et une autre premi\u00e8re : la soumission des images a \u00e9t\u00e9 r\u00e9alis\u00e9e exclusivement en ligne .<\/p>\n<p>Avant de proc\u00e9der \u00e0 la s\u00e9lection finale, le jury a pr\u00e9s\u00e9lectionn\u00e9 50 participants pour le tour final . Ces oeuvres sont pr\u00e9sent\u00e9es dans une vid\u00e9o sur la cha\u00eene YouTube Hahnem\u00fchle .<\/p>\n<p>Le calendrier artistique sera lanc\u00e9,\u00a0en \u00e9dition limit\u00e9e,\u00a0comme un cadeau aux partenaires et aux amis de la plus ancienne manufacture de papier beaux-arts d&rsquo;Allemagne. Figurer dans ce calendrier est un signe de reconnaissance internationale pour les artistes.<\/p>\n<p>Les gagnants recevront chacun 10 exemplaires du calendrier ainsi qu&rsquo;un ensemble de fournitures qui, outre du papier Hahnem\u00fchle,\u00a0comprendra\u00a0de la peinture Schmincke\u00a0\u00a0et des pinceaux DaVinci.<\/p>\n<p>Nous esp\u00e9rons que nous pourrons compter sur votre apport cr\u00e9atif pour le prochain concours de calendrier sur le th\u00e8me \u00a0\u00bb Contrastes \u00a0\u00bb .<\/p>\n","protected":false},"excerpt":{"rendered":"<p>Pr\u00e8s de 700 images cr\u00e9\u00e9es par 350 artistes de 29 pays ont particip\u00e9 au concours \u00a0international 2013 pour le Calendrier Hahnem\u00fchle 2014 \u00a0sur le th\u00e8me \u00abMusique\u00bb . Aquarelles, peintures acryliques, collages, dessins, pastels et gravures\u00a0repr\u00e9sentant\u00a0des instruments, des musiciens, des sc\u00e8nes de concert et des danses. Devant l&rsquo;abondance des soumission, c&rsquo;\u00e9tait , comme \u00e0 chaque fois,&hellip;<\/p>\n","protected":false},"author":9,"featured_media":2554,"comment_status":"closed","ping_status":"open","sticky":false,"template":"","format":"standard","meta":{"_acf_changed":false,"jetpack_post_was_ever_published":false,"_jetpack_newsletter_access":"","_jetpack_dont_email_post_to_subs":false,"_jetpack_newsletter_tier_id":0,"_jetpack_memberships_contains_paywalled_content":false,"_jetpack_memberships_contains_paid_content":false,"footnotes":""},"categories":[1947,1928],"tags":[1952,2043,2873,2874,2875,2070,2876,1955,2877,2878,2879,2880,1963],"class_list":["post-2549","post","type-post","status-publish","format-standard","has-post-thumbnail","hentry","category-papiers-beaux-arts","category-press","tag-aquarell","tag-buetten","tag-calendar-contest","tag-calender-competition","tag-calender-contest","tag-christmas","tag-drawing-contest","tag-fineart","tag-hahnemuehle-calendar-competition","tag-painting-competition","tag-painting-contest","tag-paper","tag-traditional-fineart","category-1947","category-1928","description-off"],"acf":[],"yoast_head":"<!-- This site is optimized with the Yoast SEO plugin v27.4 - https:\/\/yoast.com\/product\/yoast-seo-wordpress\/ -->\n<title>D\u00e9licate harmonie : le calendrier Hahnem\u00fchle 2014, sur le th\u00e8me &quot;Musique&quot; d\u00e9voil\u00e9 ! - Hahnem\u00fchle Blog<\/title>\n<meta name=\"robots\" content=\"index, follow, max-snippet:-1, max-image-preview:large, max-video-preview:-1\" \/>\n<link rel=\"canonical\" href=\"https:\/\/blog.hahnemuehle.com\/fr\/der-hahnemuehle-kunst-kalender-2014-im-zeichen-der-musik-2\/\" \/>\n<meta property=\"og:locale\" content=\"fr_FR\" \/>\n<meta property=\"og:type\" content=\"article\" \/>\n<meta property=\"og:title\" content=\"D\u00e9licate harmonie : le calendrier Hahnem\u00fchle 2014, sur le th\u00e8me &quot;Musique&quot; d\u00e9voil\u00e9 ! - Hahnem\u00fchle Blog\" \/>\n<meta property=\"og:description\" content=\"Pr\u00e8s de 700 images cr\u00e9\u00e9es par 350 artistes de 29 pays ont particip\u00e9 au concours \u00a0international 2013 pour le Calendrier Hahnem\u00fchle 2014 \u00a0sur le th\u00e8me \u00abMusique\u00bb . Aquarelles, peintures acryliques, collages, dessins, pastels et gravures\u00a0repr\u00e9sentant\u00a0des instruments, des musiciens, des sc\u00e8nes de concert et des danses. Devant l&rsquo;abondance des soumission, c&rsquo;\u00e9tait , comme \u00e0 chaque fois,&hellip;\" \/>\n<meta property=\"og:url\" content=\"https:\/\/blog.hahnemuehle.com\/fr\/der-hahnemuehle-kunst-kalender-2014-im-zeichen-der-musik-2\/\" \/>\n<meta property=\"og:site_name\" content=\"Hahnem\u00fchle Blog\" \/>\n<meta property=\"article:published_time\" content=\"2013-12-06T08:31:00+00:00\" \/>\n<meta property=\"article:modified_time\" content=\"2016-06-09T21:49:22+00:00\" \/>\n<meta property=\"og:image\" content=\"https:\/\/blog.hahnemuehle.com\/fr\/wp-content\/uploads\/sites\/10\/2013\/12\/Collage-Deckblatt-und-Gewinner.jpg\" \/>\n\t<meta property=\"og:image:width\" content=\"843\" \/>\n\t<meta property=\"og:image:height\" content=\"403\" \/>\n\t<meta property=\"og:image:type\" content=\"image\/jpeg\" \/>\n<meta name=\"author\" content=\"Bettina Scheerbarth\" \/>\n<meta name=\"twitter:card\" content=\"summary_large_image\" \/>\n<meta name=\"twitter:label1\" content=\"\u00c9crit par\" \/>\n\t<meta name=\"twitter:data1\" content=\"Bettina Scheerbarth\" \/>\n\t<meta name=\"twitter:label2\" content=\"Dur\u00e9e de lecture estim\u00e9e\" \/>\n\t<meta name=\"twitter:data2\" content=\"1 minute\" \/>\n<script type=\"application\/ld+json\" class=\"yoast-schema-graph\">{\"@context\":\"https:\\\/\\\/schema.org\",\"@graph\":[{\"@type\":\"Article\",\"@id\":\"https:\\\/\\\/blog.hahnemuehle.com\\\/fr\\\/der-hahnemuehle-kunst-kalender-2014-im-zeichen-der-musik-2\\\/#article\",\"isPartOf\":{\"@id\":\"https:\\\/\\\/blog.hahnemuehle.com\\\/fr\\\/der-hahnemuehle-kunst-kalender-2014-im-zeichen-der-musik-2\\\/\"},\"author\":{\"name\":\"Bettina Scheerbarth\",\"@id\":\"https:\\\/\\\/blog.hahnemuehle.com\\\/fr\\\/#\\\/schema\\\/person\\\/72521995229af8408f85fa002e8f3626\"},\"headline\":\"D\u00e9licate harmonie : le calendrier Hahnem\u00fchle 2014, sur le th\u00e8me \u00ab\u00a0Musique\u00a0\u00bb d\u00e9voil\u00e9 !\",\"datePublished\":\"2013-12-06T08:31:00+00:00\",\"dateModified\":\"2016-06-09T21:49:22+00:00\",\"mainEntityOfPage\":{\"@id\":\"https:\\\/\\\/blog.hahnemuehle.com\\\/fr\\\/der-hahnemuehle-kunst-kalender-2014-im-zeichen-der-musik-2\\\/\"},\"wordCount\":308,\"image\":{\"@id\":\"https:\\\/\\\/blog.hahnemuehle.com\\\/fr\\\/der-hahnemuehle-kunst-kalender-2014-im-zeichen-der-musik-2\\\/#primaryimage\"},\"thumbnailUrl\":\"https:\\\/\\\/blog.hahnemuehle.com\\\/fr\\\/wp-content\\\/uploads\\\/sites\\\/10\\\/2013\\\/12\\\/Collage-Deckblatt-und-Gewinner.jpg\",\"keywords\":[\"Aquarell\",\"B\u00fctten\",\"calendar contest\",\"calender competition\",\"calender contest\",\"Christmas\",\"drawing contest\",\"fineart\",\"Hahnem\u00fchle calendar competition\",\"painting competition\",\"painting contest\",\"paper\",\"Traditional FineArt\"],\"articleSection\":[\"Papiers Beaux-Arts\",\"Press\"],\"inLanguage\":\"fr-FR\"},{\"@type\":\"WebPage\",\"@id\":\"https:\\\/\\\/blog.hahnemuehle.com\\\/fr\\\/der-hahnemuehle-kunst-kalender-2014-im-zeichen-der-musik-2\\\/\",\"url\":\"https:\\\/\\\/blog.hahnemuehle.com\\\/fr\\\/der-hahnemuehle-kunst-kalender-2014-im-zeichen-der-musik-2\\\/\",\"name\":\"D\u00e9licate harmonie : le calendrier Hahnem\u00fchle 2014, sur le th\u00e8me \\\"Musique\\\" d\u00e9voil\u00e9 ! - Hahnem\u00fchle Blog\",\"isPartOf\":{\"@id\":\"https:\\\/\\\/blog.hahnemuehle.com\\\/fr\\\/#website\"},\"primaryImageOfPage\":{\"@id\":\"https:\\\/\\\/blog.hahnemuehle.com\\\/fr\\\/der-hahnemuehle-kunst-kalender-2014-im-zeichen-der-musik-2\\\/#primaryimage\"},\"image\":{\"@id\":\"https:\\\/\\\/blog.hahnemuehle.com\\\/fr\\\/der-hahnemuehle-kunst-kalender-2014-im-zeichen-der-musik-2\\\/#primaryimage\"},\"thumbnailUrl\":\"https:\\\/\\\/blog.hahnemuehle.com\\\/fr\\\/wp-content\\\/uploads\\\/sites\\\/10\\\/2013\\\/12\\\/Collage-Deckblatt-und-Gewinner.jpg\",\"datePublished\":\"2013-12-06T08:31:00+00:00\",\"dateModified\":\"2016-06-09T21:49:22+00:00\",\"author\":{\"@id\":\"https:\\\/\\\/blog.hahnemuehle.com\\\/fr\\\/#\\\/schema\\\/person\\\/72521995229af8408f85fa002e8f3626\"},\"breadcrumb\":{\"@id\":\"https:\\\/\\\/blog.hahnemuehle.com\\\/fr\\\/der-hahnemuehle-kunst-kalender-2014-im-zeichen-der-musik-2\\\/#breadcrumb\"},\"inLanguage\":\"fr-FR\",\"potentialAction\":[{\"@type\":\"ReadAction\",\"target\":[\"https:\\\/\\\/blog.hahnemuehle.com\\\/fr\\\/der-hahnemuehle-kunst-kalender-2014-im-zeichen-der-musik-2\\\/\"]}]},{\"@type\":\"ImageObject\",\"inLanguage\":\"fr-FR\",\"@id\":\"https:\\\/\\\/blog.hahnemuehle.com\\\/fr\\\/der-hahnemuehle-kunst-kalender-2014-im-zeichen-der-musik-2\\\/#primaryimage\",\"url\":\"https:\\\/\\\/blog.hahnemuehle.com\\\/fr\\\/wp-content\\\/uploads\\\/sites\\\/10\\\/2013\\\/12\\\/Collage-Deckblatt-und-Gewinner.jpg\",\"contentUrl\":\"https:\\\/\\\/blog.hahnemuehle.com\\\/fr\\\/wp-content\\\/uploads\\\/sites\\\/10\\\/2013\\\/12\\\/Collage-Deckblatt-und-Gewinner.jpg\",\"width\":843,\"height\":403},{\"@type\":\"BreadcrumbList\",\"@id\":\"https:\\\/\\\/blog.hahnemuehle.com\\\/fr\\\/der-hahnemuehle-kunst-kalender-2014-im-zeichen-der-musik-2\\\/#breadcrumb\",\"itemListElement\":[{\"@type\":\"ListItem\",\"position\":1,\"name\":\"Home\",\"item\":\"https:\\\/\\\/blog.hahnemuehle.com\\\/fr\\\/\"},{\"@type\":\"ListItem\",\"position\":2,\"name\":\"D\u00e9licate harmonie : le calendrier Hahnem\u00fchle 2014, sur le th\u00e8me \u00ab\u00a0Musique\u00a0\u00bb d\u00e9voil\u00e9 !\"}]},{\"@type\":\"WebSite\",\"@id\":\"https:\\\/\\\/blog.hahnemuehle.com\\\/fr\\\/#website\",\"url\":\"https:\\\/\\\/blog.hahnemuehle.com\\\/fr\\\/\",\"name\":\"Hahnem\u00fchle Blog\",\"description\":\"\",\"potentialAction\":[{\"@type\":\"SearchAction\",\"target\":{\"@type\":\"EntryPoint\",\"urlTemplate\":\"https:\\\/\\\/blog.hahnemuehle.com\\\/fr\\\/?s={search_term_string}\"},\"query-input\":{\"@type\":\"PropertyValueSpecification\",\"valueRequired\":true,\"valueName\":\"search_term_string\"}}],\"inLanguage\":\"fr-FR\"},{\"@type\":\"Person\",\"@id\":\"https:\\\/\\\/blog.hahnemuehle.com\\\/fr\\\/#\\\/schema\\\/person\\\/72521995229af8408f85fa002e8f3626\",\"name\":\"Bettina Scheerbarth\",\"image\":{\"@type\":\"ImageObject\",\"inLanguage\":\"fr-FR\",\"@id\":\"https:\\\/\\\/secure.gravatar.com\\\/avatar\\\/74531afc5c33660429ea7addff85487e31922849c774c51d41819929c5471e74?s=96&d=mm&r=g\",\"url\":\"https:\\\/\\\/secure.gravatar.com\\\/avatar\\\/74531afc5c33660429ea7addff85487e31922849c774c51d41819929c5471e74?s=96&d=mm&r=g\",\"contentUrl\":\"https:\\\/\\\/secure.gravatar.com\\\/avatar\\\/74531afc5c33660429ea7addff85487e31922849c774c51d41819929c5471e74?s=96&d=mm&r=g\",\"caption\":\"Bettina Scheerbarth\"},\"url\":\"https:\\\/\\\/blog.hahnemuehle.com\\\/fr\\\/author\\\/b_scheerbarth\\\/\"}]}<\/script>\n<!-- \/ Yoast SEO plugin. -->","yoast_head_json":{"title":"D\u00e9licate harmonie : le calendrier Hahnem\u00fchle 2014, sur le th\u00e8me \"Musique\" d\u00e9voil\u00e9 ! - Hahnem\u00fchle Blog","robots":{"index":"index","follow":"follow","max-snippet":"max-snippet:-1","max-image-preview":"max-image-preview:large","max-video-preview":"max-video-preview:-1"},"canonical":"https:\/\/blog.hahnemuehle.com\/fr\/der-hahnemuehle-kunst-kalender-2014-im-zeichen-der-musik-2\/","og_locale":"fr_FR","og_type":"article","og_title":"D\u00e9licate harmonie : le calendrier Hahnem\u00fchle 2014, sur le th\u00e8me \"Musique\" d\u00e9voil\u00e9 ! - Hahnem\u00fchle Blog","og_description":"Pr\u00e8s de 700 images cr\u00e9\u00e9es par 350 artistes de 29 pays ont particip\u00e9 au concours \u00a0international 2013 pour le Calendrier Hahnem\u00fchle 2014 \u00a0sur le th\u00e8me \u00abMusique\u00bb . Aquarelles, peintures acryliques, collages, dessins, pastels et gravures\u00a0repr\u00e9sentant\u00a0des instruments, des musiciens, des sc\u00e8nes de concert et des danses. Devant l&rsquo;abondance des soumission, c&rsquo;\u00e9tait , comme \u00e0 chaque fois,&hellip;","og_url":"https:\/\/blog.hahnemuehle.com\/fr\/der-hahnemuehle-kunst-kalender-2014-im-zeichen-der-musik-2\/","og_site_name":"Hahnem\u00fchle Blog","article_published_time":"2013-12-06T08:31:00+00:00","article_modified_time":"2016-06-09T21:49:22+00:00","og_image":[{"width":843,"height":403,"url":"https:\/\/blog.hahnemuehle.com\/fr\/wp-content\/uploads\/sites\/10\/2013\/12\/Collage-Deckblatt-und-Gewinner.jpg","type":"image\/jpeg"}],"author":"Bettina Scheerbarth","twitter_card":"summary_large_image","twitter_misc":{"\u00c9crit par":"Bettina Scheerbarth","Dur\u00e9e de lecture estim\u00e9e":"1 minute"},"schema":{"@context":"https:\/\/schema.org","@graph":[{"@type":"Article","@id":"https:\/\/blog.hahnemuehle.com\/fr\/der-hahnemuehle-kunst-kalender-2014-im-zeichen-der-musik-2\/#article","isPartOf":{"@id":"https:\/\/blog.hahnemuehle.com\/fr\/der-hahnemuehle-kunst-kalender-2014-im-zeichen-der-musik-2\/"},"author":{"name":"Bettina Scheerbarth","@id":"https:\/\/blog.hahnemuehle.com\/fr\/#\/schema\/person\/72521995229af8408f85fa002e8f3626"},"headline":"D\u00e9licate harmonie : le calendrier Hahnem\u00fchle 2014, sur le th\u00e8me \u00ab\u00a0Musique\u00a0\u00bb d\u00e9voil\u00e9 !","datePublished":"2013-12-06T08:31:00+00:00","dateModified":"2016-06-09T21:49:22+00:00","mainEntityOfPage":{"@id":"https:\/\/blog.hahnemuehle.com\/fr\/der-hahnemuehle-kunst-kalender-2014-im-zeichen-der-musik-2\/"},"wordCount":308,"image":{"@id":"https:\/\/blog.hahnemuehle.com\/fr\/der-hahnemuehle-kunst-kalender-2014-im-zeichen-der-musik-2\/#primaryimage"},"thumbnailUrl":"https:\/\/blog.hahnemuehle.com\/fr\/wp-content\/uploads\/sites\/10\/2013\/12\/Collage-Deckblatt-und-Gewinner.jpg","keywords":["Aquarell","B\u00fctten","calendar contest","calender competition","calender contest","Christmas","drawing contest","fineart","Hahnem\u00fchle calendar competition","painting competition","painting contest","paper","Traditional FineArt"],"articleSection":["Papiers Beaux-Arts","Press"],"inLanguage":"fr-FR"},{"@type":"WebPage","@id":"https:\/\/blog.hahnemuehle.com\/fr\/der-hahnemuehle-kunst-kalender-2014-im-zeichen-der-musik-2\/","url":"https:\/\/blog.hahnemuehle.com\/fr\/der-hahnemuehle-kunst-kalender-2014-im-zeichen-der-musik-2\/","name":"D\u00e9licate harmonie : le calendrier Hahnem\u00fchle 2014, sur le th\u00e8me \"Musique\" d\u00e9voil\u00e9 ! - Hahnem\u00fchle Blog","isPartOf":{"@id":"https:\/\/blog.hahnemuehle.com\/fr\/#website"},"primaryImageOfPage":{"@id":"https:\/\/blog.hahnemuehle.com\/fr\/der-hahnemuehle-kunst-kalender-2014-im-zeichen-der-musik-2\/#primaryimage"},"image":{"@id":"https:\/\/blog.hahnemuehle.com\/fr\/der-hahnemuehle-kunst-kalender-2014-im-zeichen-der-musik-2\/#primaryimage"},"thumbnailUrl":"https:\/\/blog.hahnemuehle.com\/fr\/wp-content\/uploads\/sites\/10\/2013\/12\/Collage-Deckblatt-und-Gewinner.jpg","datePublished":"2013-12-06T08:31:00+00:00","dateModified":"2016-06-09T21:49:22+00:00","author":{"@id":"https:\/\/blog.hahnemuehle.com\/fr\/#\/schema\/person\/72521995229af8408f85fa002e8f3626"},"breadcrumb":{"@id":"https:\/\/blog.hahnemuehle.com\/fr\/der-hahnemuehle-kunst-kalender-2014-im-zeichen-der-musik-2\/#breadcrumb"},"inLanguage":"fr-FR","potentialAction":[{"@type":"ReadAction","target":["https:\/\/blog.hahnemuehle.com\/fr\/der-hahnemuehle-kunst-kalender-2014-im-zeichen-der-musik-2\/"]}]},{"@type":"ImageObject","inLanguage":"fr-FR","@id":"https:\/\/blog.hahnemuehle.com\/fr\/der-hahnemuehle-kunst-kalender-2014-im-zeichen-der-musik-2\/#primaryimage","url":"https:\/\/blog.hahnemuehle.com\/fr\/wp-content\/uploads\/sites\/10\/2013\/12\/Collage-Deckblatt-und-Gewinner.jpg","contentUrl":"https:\/\/blog.hahnemuehle.com\/fr\/wp-content\/uploads\/sites\/10\/2013\/12\/Collage-Deckblatt-und-Gewinner.jpg","width":843,"height":403},{"@type":"BreadcrumbList","@id":"https:\/\/blog.hahnemuehle.com\/fr\/der-hahnemuehle-kunst-kalender-2014-im-zeichen-der-musik-2\/#breadcrumb","itemListElement":[{"@type":"ListItem","position":1,"name":"Home","item":"https:\/\/blog.hahnemuehle.com\/fr\/"},{"@type":"ListItem","position":2,"name":"D\u00e9licate harmonie : le calendrier Hahnem\u00fchle 2014, sur le th\u00e8me \u00ab\u00a0Musique\u00a0\u00bb d\u00e9voil\u00e9 !"}]},{"@type":"WebSite","@id":"https:\/\/blog.hahnemuehle.com\/fr\/#website","url":"https:\/\/blog.hahnemuehle.com\/fr\/","name":"Hahnem\u00fchle Blog","description":"","potentialAction":[{"@type":"SearchAction","target":{"@type":"EntryPoint","urlTemplate":"https:\/\/blog.hahnemuehle.com\/fr\/?s={search_term_string}"},"query-input":{"@type":"PropertyValueSpecification","valueRequired":true,"valueName":"search_term_string"}}],"inLanguage":"fr-FR"},{"@type":"Person","@id":"https:\/\/blog.hahnemuehle.com\/fr\/#\/schema\/person\/72521995229af8408f85fa002e8f3626","name":"Bettina Scheerbarth","image":{"@type":"ImageObject","inLanguage":"fr-FR","@id":"https:\/\/secure.gravatar.com\/avatar\/74531afc5c33660429ea7addff85487e31922849c774c51d41819929c5471e74?s=96&d=mm&r=g","url":"https:\/\/secure.gravatar.com\/avatar\/74531afc5c33660429ea7addff85487e31922849c774c51d41819929c5471e74?s=96&d=mm&r=g","contentUrl":"https:\/\/secure.gravatar.com\/avatar\/74531afc5c33660429ea7addff85487e31922849c774c51d41819929c5471e74?s=96&d=mm&r=g","caption":"Bettina Scheerbarth"},"url":"https:\/\/blog.hahnemuehle.com\/fr\/author\/b_scheerbarth\/"}]}},"jetpack_featured_media_url":"https:\/\/blog.hahnemuehle.com\/fr\/wp-content\/uploads\/sites\/10\/2013\/12\/Collage-Deckblatt-und-Gewinner.jpg","jetpack_shortlink":"https:\/\/wp.me\/p7Mut2-F7","jetpack_sharing_enabled":true,"_links":{"self":[{"href":"https:\/\/blog.hahnemuehle.com\/fr\/wp-json\/wp\/v2\/posts\/2549","targetHints":{"allow":["GET"]}}],"collection":[{"href":"https:\/\/blog.hahnemuehle.com\/fr\/wp-json\/wp\/v2\/posts"}],"about":[{"href":"https:\/\/blog.hahnemuehle.com\/fr\/wp-json\/wp\/v2\/types\/post"}],"author":[{"embeddable":true,"href":"https:\/\/blog.hahnemuehle.com\/fr\/wp-json\/wp\/v2\/users\/9"}],"replies":[{"embeddable":true,"href":"https:\/\/blog.hahnemuehle.com\/fr\/wp-json\/wp\/v2\/comments?post=2549"}],"version-history":[{"count":2,"href":"https:\/\/blog.hahnemuehle.com\/fr\/wp-json\/wp\/v2\/posts\/2549\/revisions"}],"predecessor-version":[{"id":15917,"href":"https:\/\/blog.hahnemuehle.com\/fr\/wp-json\/wp\/v2\/posts\/2549\/revisions\/15917"}],"wp:featuredmedia":[{"embeddable":true,"href":"https:\/\/blog.hahnemuehle.com\/fr\/wp-json\/wp\/v2\/media\/2554"}],"wp:attachment":[{"href":"https:\/\/blog.hahnemuehle.com\/fr\/wp-json\/wp\/v2\/media?parent=2549"}],"wp:term":[{"taxonomy":"category","embeddable":true,"href":"https:\/\/blog.hahnemuehle.com\/fr\/wp-json\/wp\/v2\/categories?post=2549"},{"taxonomy":"post_tag","embeddable":true,"href":"https:\/\/blog.hahnemuehle.com\/fr\/wp-json\/wp\/v2\/tags?post=2549"}],"curies":[{"name":"wp","href":"https:\/\/api.w.org\/{rel}","templated":true}]}}