{"id":6798,"date":"2016-04-08T11:12:23","date_gmt":"2016-04-08T09:12:23","guid":{"rendered":"http:\/\/news.hahnemuehle.com\/?p=6798"},"modified":"2016-06-22T12:21:10","modified_gmt":"2016-06-22T10:21:10","slug":"hairdressers","status":"publish","type":"post","link":"https:\/\/blog.hahnemuehle.com\/fr\/hairdressers\/","title":{"rendered":"\u00ab\u00a0Hairdressers\u00a0\u00bb la s\u00e9rie d\u00e9gag\u00e9e derri\u00e8re les oreilles de Astrid Schulz"},"content":{"rendered":"<p>La s\u00e9rie plut\u00f4t inhabituelle de l&rsquo;artiste londonienne <a href=\"http:\/\/astridschulzphotography.blogspot.fr\/\" target=\"_blank\">Astrid Schultz<\/a> est expos\u00e9e en ce moment \u00e0 Saarbruecken, en Allemagne, jusqu&rsquo;\u00e0 d\u00e9but juin.<br \/>\nInspir\u00e9e par le roman \u00ab\u00a0Les filles d&rsquo;Egalia\u00a0\u00bb, de l&rsquo;\u00e9crivain norv\u00e9gienne <a href=\"http:\/\/en.wikipedia.org\/wiki\/Gerd_Brantenberg\" target=\"_blank\">Gerd Mj\u00f8en Brantenberg<\/a>, la photographe questionne les st\u00e9r\u00e9otypes sociaux et les clich\u00e9s photographiques. Pour son projets \u00ab\u00a0Hairdressers\u00a0\u00bb (Les coiffeurs), Astrid Schultz a interchang\u00e9 les r\u00f4les &#8211; ses personnages sont des hommes au salon de coiffure, portant des bigoudis dans leurs cheveux et leurs barbes.<!--more--><\/p>\n<p>Ces portraits incongrus sont saisissants imprim\u00e9s sur notre papier <a href=\"http:\/\/www.hahnemuehle.com\/fr\/digital-fineart\/digital-fineart-collection\/glossy-fineart\/p\/Product\/show\/77\/300.htmlhttp:\/\/\" target=\"_blank\">Hahnem\u00fchle FineArt Baryta<\/a> ; les tirages offrent de merveilleuses nuances de couleurs pastels et acidul\u00e9es. Les expressions charmantes et pleines d&rsquo;humour des mod\u00e8les masculins fascinent, et l&rsquo;usage des capes de coiffure aux motifs contrast\u00e9s ajoute une dimension satitrique, qui invitent \u00e0 la r\u00e9fl\u00e9xion comme au sourire.<\/p>\n<p>Les 12 images d&rsquo;Astrid Schultz ont \u00e9t\u00e9 r\u00e9alis\u00e9es avec le make-up artist londonien <a href=\"http:\/\/www.konniedaniel.com\/\">Konnie Daniel<\/a> . &lsquo;Hairdressers&rsquo; est visible \u00e0 la galerie <a href=\"http:\/\/salietabacchi-sb.de\/\">&lsquo;Sali E Tabbachi&rsquo;<\/a> de Saarbruecken du 8 mai au 2 juin 2015.<\/p>\n<p>&nbsp;<\/p>\n<p><strong>Quand avez-vous d\u00e9couvert votre passion pour la photogrpahie ?<\/strong><strong><br \/>\n<\/strong>J&rsquo;\u00e9tais adolescente &#8211; J&rsquo;avais 15 ans quand j&rsquo;ai ressenti le d\u00e9sir d&rsquo;\u00eatre photographe. A 16 ans j&rsquo;avais \u00e9conomis\u00e9 assez d&rsquo;argent pour acheter mon prmeier appareil &#8230; un Minolta, avec des pellicules noir et blanc.<\/p>\n<p><strong>Avec quelle s\u00e9rie avez vous pu p\u00e9n\u00e9trer le march\u00e9 de l&rsquo;art?<\/strong><br \/>\nAvec <a href=\"http:\/\/astridschulz.com\/FKB&amp;ST\/\">&lsquo;Food keeps Body &amp; Soul together&rsquo;<\/a>, une s\u00e9rie de portrait dont les sujets \u00ab\u00a0portent\u00a0\u00bb leurs nourriture pr\u00e9f\u00e9r\u00e9e.<\/p>\n<p><strong>Quel est le th\u00e8me qui vous int\u00e9resse le plus?<\/strong><br \/>\nLes portraits! J&rsquo;adore travailler avec les gens &#8211; que ce soit dans un environnement ma\u00eetris\u00e9 comme un studio lcome la s\u00e9rie &lsquo;Hairdresser&rsquo; ou en situation de reportages ou documentaire, qui sont publi\u00e9es dans des magazines internationaux.<\/p>\n<p><strong>Qui vous inspire le plus?<\/strong><br \/>\nBeaucoup de mes photographes favoris penchent vers la photographie documentaire (comme Nadav Kander, Sebastiano Salgado, Guy Tillim).Pendant mes \u00e9tudes, j&rsquo;\u00e9tais tr\u00e8s influenc\u00e9e par <a href=\"http:\/\/www.davidstewwwart.com\/\" target=\"_blank\">David Steward<\/a>, un photographe anglais sp\u00e9cialis\u00e9 dans la publicit\u00e9. J&rsquo;aimais son style humoristique et son utilisation de couleurs pop. Cependant, mes images font souvent r\u00e9f\u00e9rence \u00e0 mon second m\u00e9tier: je travaille comme costumi\u00e8re pour le cin\u00e9ma et la t\u00e9l\u00e9vision ce qui refl\u00e8te particuli\u00e8rement mon travail personnel.<\/p>\n<p><strong>Comment d\u00e9cririez-vous votre style photographique?<\/strong><br \/>\nColor\u00e9 et audacieux, avec une pinc\u00e9e d&rsquo;humour .<a href=\"http:\/\/blog.hahnemuehle.com\/wp-content\/uploads\/sites\/10\/2015\/05\/AstridSchulz-Hairdressers.jpeg\"><img loading=\"lazy\" decoding=\"async\" class=\"alignright size-medium wp-image-6808\" src=\"http:\/\/blog.hahnemuehle.com\/wp-content\/uploads\/sites\/10\/2015\/05\/AstridSchulz-Hairdressers-300x200.jpeg\" alt=\"AstridSchulz Hairdressers\" width=\"300\" height=\"200\" srcset=\"https:\/\/blog.hahnemuehle.com\/fr\/wp-content\/uploads\/sites\/10\/2015\/05\/AstridSchulz-Hairdressers-300x200.jpeg 300w, https:\/\/blog.hahnemuehle.com\/fr\/wp-content\/uploads\/sites\/10\/2015\/05\/AstridSchulz-Hairdressers-500x334.jpeg 500w, https:\/\/blog.hahnemuehle.com\/fr\/wp-content\/uploads\/sites\/10\/2015\/05\/AstridSchulz-Hairdressers.jpeg 640w\" sizes=\"auto, (max-width: 300px) 100vw, 300px\" \/><\/a><\/p>\n<p><strong>In your opinion, what makes a good photographer?<\/strong><br \/>\nFor me a good photographer starts with a good idea or concept and follows it through with discipline and dedication. I don\u2019t even mind about the technical know-how, as long as the result is compelling and tells a story. Of cause, having technical knowledge helps! \ud83d\ude42<\/p>\n<p><strong>A votre avis, qu&rsquo;est ce qui fait un bon photographe?<\/strong><br \/>\nPour moi un bon photographe commence avec une bonne id\u00e9e ou un bon concept et le travaille avec de la discipline et de la constance. Le savoir aire technique n&rsquo;est pas important, tant que le r\u00e9sultat est int\u00e9ressant et raconte une histoire. M\u00eame si, bien s\u00fbr, avoir des connaissance technique \u00e7a aide \ud83d\ude42<\/p>\n<p><strong>Quelle importance donnez-vous \u00e0 vos tirages?<\/strong><br \/>\nDe nos jour,s pour beaucoup de gens, l&rsquo;image num\u00e9rique est la premi\u00e8re, et unique, repr\u00e9sentation de leur travail photographique. Cela fait seulement dix ans que els images \u00e9t\u00e9ient encore imprim\u00e9es et rang\u00e9es dans des albums photo. Bien \u00e9videmment, je sais comme il est important de pouvoir trouver mes images sur internet, mais une image imprim\u00e9e a une port\u00e9e compl\u00e8tement diff\u00e9rente. Je dois admettre que je suis un peu \u00ab\u00a0vieille \u00e9cole\u00a0\u00bb: je pr\u00e9f\u00e8re les choses que je peux vraiment toucher et qui ont le pouvoir de s\u00e9duire un public de par leur pr\u00e9sence physique &#8211; en d&rsquo;autre mots sur un mur d&rsquo;exposition ou chez les gens.<\/p>\n<p><strong>QUel est votre papier Hahnem\u00fchle pr\u00e9f\u00e9r\u00e9? <\/strong><br \/>\nPour ma photogrpahie documentaire, je pr\u00e9f\u00e8re le papier matte fine art ; mes pr\u00e9f\u00e9r\u00e9s sont les papiers <a href=\"http:\/\/www.hahnemuehle.com\/fr\/digital-fineart\/digital-fineart-collection\/matt-fineart\/p\/Product\/show\/42\/288.html\" target=\"_blank\">Photo Rag\u00ae Bright White<\/a> et le <a href=\"http:\/\/www.hahnemuehle.com\/fr\/digital-fineart\/digital-fineart-collection\/matt-fineart\/p\/Product\/show\/42\/287.html\" target=\"_blank\">Photo Rag\u00ae Ultra Smooth<\/a> . Pour tout le reste, j&rsquo;utilise le g\u00e9nial <a href=\"http:\/\/www.hahnemuehle.com\/fr\/digital-fineart\/digital-fineart-collection\/glossy-fineart\/p\/Product\/show\/77\/300.html\" target=\"_blank\">FineArt Baryta<\/a> .<\/p>\n<p><strong>Quel est le prochain projet que vous souhaitez r\u00e9aliser? <\/strong><br \/>\nOh, j&rsquo;ai bie plus d&rsquo;un projet en t\u00eate. Je suis encore en train de travailler sur une s\u00e9rie de portraits qui font de la nourriture \u00e0 une petite \u00e9chelle, plut\u00f4t de chez eux. Le projet a commenc\u00e9 au Vietnam, puis continu\u00e9 au S\u00e9n\u00e9gal et l&rsquo;ann\u00e9e prochaine je l&#8217;emm\u00e8ne en Bolivie. Quand \u00e0 mon prochain projet en studion, je m&rsquo;interroge encore : \u00ab\u00a0Le s7 vertus\u00a0\u00bb ou une s\u00e9rie de fausses affiches de films.<\/p>\n<p><strong>Merci.<br \/>\nPour d\u00e9couvrir plus du travail d&rsquo;Astrid Schulz, et ses r\u00e9alisations pour le cin\u00e9ma et la t\u00e9l\u00e9vision, consulter son site : <\/strong><strong><a href=\"http:\/\/astridschulz.com\/\">http:\/\/astridschulz.com\/<\/a><\/strong><\/p>\n<p>Et la video du making of des tirages de l&rsquo;exposition par le commissaire de l&rsquo;exposition (et photographe) <a href=\"http:\/\/www.karrenbauers.com\" target=\"_blank\">J\u00f6rg Karrenbauer<\/a> est \u00e0 voir ici : <a href=\"https:\/\/www.facebook.com\/karrenbauers\/videos\/o.115619018522624\/907616462614445\/?type=2&amp;theater\">Facebook<\/a><\/p>\n","protected":false},"excerpt":{"rendered":"<p>La s\u00e9rie plut\u00f4t inhabituelle de l&rsquo;artiste londonienne Astrid Schultz est expos\u00e9e en ce moment \u00e0 Saarbruecken, en Allemagne, jusqu&rsquo;\u00e0 d\u00e9but juin. Inspir\u00e9e par le roman \u00ab\u00a0Les filles d&rsquo;Egalia\u00a0\u00bb, de l&rsquo;\u00e9crivain norv\u00e9gienne Gerd Mj\u00f8en Brantenberg, la photographe questionne les st\u00e9r\u00e9otypes sociaux et les clich\u00e9s photographiques. Pour son projets \u00ab\u00a0Hairdressers\u00a0\u00bb (Les coiffeurs), Astrid Schultz a interchang\u00e9 les&hellip;<\/p>\n","protected":false},"author":9,"featured_media":6809,"comment_status":"open","ping_status":"open","sticky":false,"template":"","format":"standard","meta":{"_acf_changed":false,"jetpack_post_was_ever_published":false,"_jetpack_newsletter_access":"","_jetpack_dont_email_post_to_subs":false,"_jetpack_newsletter_tier_id":0,"_jetpack_memberships_contains_paywalled_content":false,"_jetpack_memberships_contains_paid_content":false,"footnotes":""},"categories":[1919,1920],"tags":[2471,3005,2216,3065,2342,2945,2475,2476,2067,3000],"class_list":["post-6798","post","type-post","status-publish","format-standard","has-post-thumbnail","hentry","category-blog","category-digital-fineart","tag-astrid-schulz","tag-documentary-photography","tag-fineart-baryta","tag-hairdresser","tag-photo-art","tag-photography","tag-photoragbright-white","tag-photoragultra-smooth","tag-portfolio","tag-portrait","category-1919","category-1920","description-off"],"acf":[],"yoast_head":"<!-- This site is optimized with the Yoast SEO plugin v27.4 - https:\/\/yoast.com\/product\/yoast-seo-wordpress\/ -->\n<title>&quot;Hairdressers&quot; la s\u00e9rie d\u00e9gag\u00e9e derri\u00e8re les oreilles de Astrid Schulz - Hahnem\u00fchle Blog<\/title>\n<meta name=\"robots\" content=\"index, follow, max-snippet:-1, max-image-preview:large, max-video-preview:-1\" \/>\n<link rel=\"canonical\" href=\"https:\/\/blog.hahnemuehle.com\/fr\/hairdressers\/\" \/>\n<meta property=\"og:locale\" content=\"fr_FR\" \/>\n<meta property=\"og:type\" content=\"article\" \/>\n<meta property=\"og:title\" content=\"&quot;Hairdressers&quot; la s\u00e9rie d\u00e9gag\u00e9e derri\u00e8re les oreilles de Astrid Schulz - Hahnem\u00fchle Blog\" \/>\n<meta property=\"og:description\" content=\"La s\u00e9rie plut\u00f4t inhabituelle de l&rsquo;artiste londonienne Astrid Schultz est expos\u00e9e en ce moment \u00e0 Saarbruecken, en Allemagne, jusqu&rsquo;\u00e0 d\u00e9but juin. Inspir\u00e9e par le roman \u00ab\u00a0Les filles d&rsquo;Egalia\u00a0\u00bb, de l&rsquo;\u00e9crivain norv\u00e9gienne Gerd Mj\u00f8en Brantenberg, la photographe questionne les st\u00e9r\u00e9otypes sociaux et les clich\u00e9s photographiques. Pour son projets \u00ab\u00a0Hairdressers\u00a0\u00bb (Les coiffeurs), Astrid Schultz a interchang\u00e9 les&hellip;\" \/>\n<meta property=\"og:url\" content=\"https:\/\/blog.hahnemuehle.com\/fr\/hairdressers\/\" \/>\n<meta property=\"og:site_name\" content=\"Hahnem\u00fchle Blog\" \/>\n<meta property=\"article:published_time\" content=\"2016-04-08T09:12:23+00:00\" \/>\n<meta property=\"article:modified_time\" content=\"2016-06-22T10:21:10+00:00\" \/>\n<meta property=\"og:image\" content=\"https:\/\/blog.hahnemuehle.com\/fr\/wp-content\/uploads\/sites\/10\/2015\/05\/Astrid-Schulz_Hairdressers.jpg\" \/>\n\t<meta property=\"og:image:width\" content=\"521\" \/>\n\t<meta property=\"og:image:height\" content=\"246\" \/>\n\t<meta property=\"og:image:type\" content=\"image\/jpeg\" \/>\n<meta name=\"author\" content=\"Bettina Scheerbarth\" \/>\n<meta name=\"twitter:card\" content=\"summary_large_image\" \/>\n<meta name=\"twitter:label1\" content=\"\u00c9crit par\" \/>\n\t<meta name=\"twitter:data1\" content=\"Bettina Scheerbarth\" \/>\n\t<meta name=\"twitter:label2\" content=\"Dur\u00e9e de lecture estim\u00e9e\" \/>\n\t<meta name=\"twitter:data2\" content=\"4 minutes\" \/>\n<script type=\"application\/ld+json\" class=\"yoast-schema-graph\">{\"@context\":\"https:\\\/\\\/schema.org\",\"@graph\":[{\"@type\":\"Article\",\"@id\":\"https:\\\/\\\/blog.hahnemuehle.com\\\/fr\\\/hairdressers\\\/#article\",\"isPartOf\":{\"@id\":\"https:\\\/\\\/blog.hahnemuehle.com\\\/fr\\\/hairdressers\\\/\"},\"author\":{\"name\":\"Bettina Scheerbarth\",\"@id\":\"https:\\\/\\\/blog.hahnemuehle.com\\\/fr\\\/#\\\/schema\\\/person\\\/72521995229af8408f85fa002e8f3626\"},\"headline\":\"\u00ab\u00a0Hairdressers\u00a0\u00bb la s\u00e9rie d\u00e9gag\u00e9e derri\u00e8re les oreilles de Astrid Schulz\",\"datePublished\":\"2016-04-08T09:12:23+00:00\",\"dateModified\":\"2016-06-22T10:21:10+00:00\",\"mainEntityOfPage\":{\"@id\":\"https:\\\/\\\/blog.hahnemuehle.com\\\/fr\\\/hairdressers\\\/\"},\"wordCount\":883,\"commentCount\":0,\"image\":{\"@id\":\"https:\\\/\\\/blog.hahnemuehle.com\\\/fr\\\/hairdressers\\\/#primaryimage\"},\"thumbnailUrl\":\"https:\\\/\\\/blog.hahnemuehle.com\\\/fr\\\/wp-content\\\/uploads\\\/sites\\\/10\\\/2015\\\/05\\\/Astrid-Schulz_Hairdressers.jpg\",\"keywords\":[\"Astrid Schulz\",\"documentary photography\",\"FineArt Baryta\",\"Hairdresser\",\"Photo Art\",\"Photography\",\"PhotoRag\u00aeBright White\",\"PhotoRag\u00aeUltra Smooth\",\"portfolio\",\"Portrait\"],\"articleSection\":[\"Blog\",\"Digital FineArt\"],\"inLanguage\":\"fr-FR\",\"potentialAction\":[{\"@type\":\"CommentAction\",\"name\":\"Comment\",\"target\":[\"https:\\\/\\\/blog.hahnemuehle.com\\\/fr\\\/hairdressers\\\/#respond\"]}]},{\"@type\":\"WebPage\",\"@id\":\"https:\\\/\\\/blog.hahnemuehle.com\\\/fr\\\/hairdressers\\\/\",\"url\":\"https:\\\/\\\/blog.hahnemuehle.com\\\/fr\\\/hairdressers\\\/\",\"name\":\"\\\"Hairdressers\\\" la s\u00e9rie d\u00e9gag\u00e9e derri\u00e8re les oreilles de Astrid Schulz - Hahnem\u00fchle Blog\",\"isPartOf\":{\"@id\":\"https:\\\/\\\/blog.hahnemuehle.com\\\/fr\\\/#website\"},\"primaryImageOfPage\":{\"@id\":\"https:\\\/\\\/blog.hahnemuehle.com\\\/fr\\\/hairdressers\\\/#primaryimage\"},\"image\":{\"@id\":\"https:\\\/\\\/blog.hahnemuehle.com\\\/fr\\\/hairdressers\\\/#primaryimage\"},\"thumbnailUrl\":\"https:\\\/\\\/blog.hahnemuehle.com\\\/fr\\\/wp-content\\\/uploads\\\/sites\\\/10\\\/2015\\\/05\\\/Astrid-Schulz_Hairdressers.jpg\",\"datePublished\":\"2016-04-08T09:12:23+00:00\",\"dateModified\":\"2016-06-22T10:21:10+00:00\",\"author\":{\"@id\":\"https:\\\/\\\/blog.hahnemuehle.com\\\/fr\\\/#\\\/schema\\\/person\\\/72521995229af8408f85fa002e8f3626\"},\"breadcrumb\":{\"@id\":\"https:\\\/\\\/blog.hahnemuehle.com\\\/fr\\\/hairdressers\\\/#breadcrumb\"},\"inLanguage\":\"fr-FR\",\"potentialAction\":[{\"@type\":\"ReadAction\",\"target\":[\"https:\\\/\\\/blog.hahnemuehle.com\\\/fr\\\/hairdressers\\\/\"]}]},{\"@type\":\"ImageObject\",\"inLanguage\":\"fr-FR\",\"@id\":\"https:\\\/\\\/blog.hahnemuehle.com\\\/fr\\\/hairdressers\\\/#primaryimage\",\"url\":\"https:\\\/\\\/blog.hahnemuehle.com\\\/fr\\\/wp-content\\\/uploads\\\/sites\\\/10\\\/2015\\\/05\\\/Astrid-Schulz_Hairdressers.jpg\",\"contentUrl\":\"https:\\\/\\\/blog.hahnemuehle.com\\\/fr\\\/wp-content\\\/uploads\\\/sites\\\/10\\\/2015\\\/05\\\/Astrid-Schulz_Hairdressers.jpg\",\"width\":521,\"height\":246},{\"@type\":\"BreadcrumbList\",\"@id\":\"https:\\\/\\\/blog.hahnemuehle.com\\\/fr\\\/hairdressers\\\/#breadcrumb\",\"itemListElement\":[{\"@type\":\"ListItem\",\"position\":1,\"name\":\"Home\",\"item\":\"https:\\\/\\\/blog.hahnemuehle.com\\\/fr\\\/\"},{\"@type\":\"ListItem\",\"position\":2,\"name\":\"\u00ab\u00a0Hairdressers\u00a0\u00bb la s\u00e9rie d\u00e9gag\u00e9e derri\u00e8re les oreilles de Astrid Schulz\"}]},{\"@type\":\"WebSite\",\"@id\":\"https:\\\/\\\/blog.hahnemuehle.com\\\/fr\\\/#website\",\"url\":\"https:\\\/\\\/blog.hahnemuehle.com\\\/fr\\\/\",\"name\":\"Hahnem\u00fchle Blog\",\"description\":\"\",\"potentialAction\":[{\"@type\":\"SearchAction\",\"target\":{\"@type\":\"EntryPoint\",\"urlTemplate\":\"https:\\\/\\\/blog.hahnemuehle.com\\\/fr\\\/?s={search_term_string}\"},\"query-input\":{\"@type\":\"PropertyValueSpecification\",\"valueRequired\":true,\"valueName\":\"search_term_string\"}}],\"inLanguage\":\"fr-FR\"},{\"@type\":\"Person\",\"@id\":\"https:\\\/\\\/blog.hahnemuehle.com\\\/fr\\\/#\\\/schema\\\/person\\\/72521995229af8408f85fa002e8f3626\",\"name\":\"Bettina Scheerbarth\",\"image\":{\"@type\":\"ImageObject\",\"inLanguage\":\"fr-FR\",\"@id\":\"https:\\\/\\\/secure.gravatar.com\\\/avatar\\\/74531afc5c33660429ea7addff85487e31922849c774c51d41819929c5471e74?s=96&d=mm&r=g\",\"url\":\"https:\\\/\\\/secure.gravatar.com\\\/avatar\\\/74531afc5c33660429ea7addff85487e31922849c774c51d41819929c5471e74?s=96&d=mm&r=g\",\"contentUrl\":\"https:\\\/\\\/secure.gravatar.com\\\/avatar\\\/74531afc5c33660429ea7addff85487e31922849c774c51d41819929c5471e74?s=96&d=mm&r=g\",\"caption\":\"Bettina Scheerbarth\"},\"url\":\"https:\\\/\\\/blog.hahnemuehle.com\\\/fr\\\/author\\\/b_scheerbarth\\\/\"}]}<\/script>\n<!-- \/ Yoast SEO plugin. -->","yoast_head_json":{"title":"\"Hairdressers\" la s\u00e9rie d\u00e9gag\u00e9e derri\u00e8re les oreilles de Astrid Schulz - Hahnem\u00fchle Blog","robots":{"index":"index","follow":"follow","max-snippet":"max-snippet:-1","max-image-preview":"max-image-preview:large","max-video-preview":"max-video-preview:-1"},"canonical":"https:\/\/blog.hahnemuehle.com\/fr\/hairdressers\/","og_locale":"fr_FR","og_type":"article","og_title":"\"Hairdressers\" la s\u00e9rie d\u00e9gag\u00e9e derri\u00e8re les oreilles de Astrid Schulz - Hahnem\u00fchle Blog","og_description":"La s\u00e9rie plut\u00f4t inhabituelle de l&rsquo;artiste londonienne Astrid Schultz est expos\u00e9e en ce moment \u00e0 Saarbruecken, en Allemagne, jusqu&rsquo;\u00e0 d\u00e9but juin. Inspir\u00e9e par le roman \u00ab\u00a0Les filles d&rsquo;Egalia\u00a0\u00bb, de l&rsquo;\u00e9crivain norv\u00e9gienne Gerd Mj\u00f8en Brantenberg, la photographe questionne les st\u00e9r\u00e9otypes sociaux et les clich\u00e9s photographiques. Pour son projets \u00ab\u00a0Hairdressers\u00a0\u00bb (Les coiffeurs), Astrid Schultz a interchang\u00e9 les&hellip;","og_url":"https:\/\/blog.hahnemuehle.com\/fr\/hairdressers\/","og_site_name":"Hahnem\u00fchle Blog","article_published_time":"2016-04-08T09:12:23+00:00","article_modified_time":"2016-06-22T10:21:10+00:00","og_image":[{"width":521,"height":246,"url":"https:\/\/blog.hahnemuehle.com\/fr\/wp-content\/uploads\/sites\/10\/2015\/05\/Astrid-Schulz_Hairdressers.jpg","type":"image\/jpeg"}],"author":"Bettina Scheerbarth","twitter_card":"summary_large_image","twitter_misc":{"\u00c9crit par":"Bettina Scheerbarth","Dur\u00e9e de lecture estim\u00e9e":"4 minutes"},"schema":{"@context":"https:\/\/schema.org","@graph":[{"@type":"Article","@id":"https:\/\/blog.hahnemuehle.com\/fr\/hairdressers\/#article","isPartOf":{"@id":"https:\/\/blog.hahnemuehle.com\/fr\/hairdressers\/"},"author":{"name":"Bettina Scheerbarth","@id":"https:\/\/blog.hahnemuehle.com\/fr\/#\/schema\/person\/72521995229af8408f85fa002e8f3626"},"headline":"\u00ab\u00a0Hairdressers\u00a0\u00bb la s\u00e9rie d\u00e9gag\u00e9e derri\u00e8re les oreilles de Astrid Schulz","datePublished":"2016-04-08T09:12:23+00:00","dateModified":"2016-06-22T10:21:10+00:00","mainEntityOfPage":{"@id":"https:\/\/blog.hahnemuehle.com\/fr\/hairdressers\/"},"wordCount":883,"commentCount":0,"image":{"@id":"https:\/\/blog.hahnemuehle.com\/fr\/hairdressers\/#primaryimage"},"thumbnailUrl":"https:\/\/blog.hahnemuehle.com\/fr\/wp-content\/uploads\/sites\/10\/2015\/05\/Astrid-Schulz_Hairdressers.jpg","keywords":["Astrid Schulz","documentary photography","FineArt Baryta","Hairdresser","Photo Art","Photography","PhotoRag\u00aeBright White","PhotoRag\u00aeUltra Smooth","portfolio","Portrait"],"articleSection":["Blog","Digital FineArt"],"inLanguage":"fr-FR","potentialAction":[{"@type":"CommentAction","name":"Comment","target":["https:\/\/blog.hahnemuehle.com\/fr\/hairdressers\/#respond"]}]},{"@type":"WebPage","@id":"https:\/\/blog.hahnemuehle.com\/fr\/hairdressers\/","url":"https:\/\/blog.hahnemuehle.com\/fr\/hairdressers\/","name":"\"Hairdressers\" la s\u00e9rie d\u00e9gag\u00e9e derri\u00e8re les oreilles de Astrid Schulz - Hahnem\u00fchle Blog","isPartOf":{"@id":"https:\/\/blog.hahnemuehle.com\/fr\/#website"},"primaryImageOfPage":{"@id":"https:\/\/blog.hahnemuehle.com\/fr\/hairdressers\/#primaryimage"},"image":{"@id":"https:\/\/blog.hahnemuehle.com\/fr\/hairdressers\/#primaryimage"},"thumbnailUrl":"https:\/\/blog.hahnemuehle.com\/fr\/wp-content\/uploads\/sites\/10\/2015\/05\/Astrid-Schulz_Hairdressers.jpg","datePublished":"2016-04-08T09:12:23+00:00","dateModified":"2016-06-22T10:21:10+00:00","author":{"@id":"https:\/\/blog.hahnemuehle.com\/fr\/#\/schema\/person\/72521995229af8408f85fa002e8f3626"},"breadcrumb":{"@id":"https:\/\/blog.hahnemuehle.com\/fr\/hairdressers\/#breadcrumb"},"inLanguage":"fr-FR","potentialAction":[{"@type":"ReadAction","target":["https:\/\/blog.hahnemuehle.com\/fr\/hairdressers\/"]}]},{"@type":"ImageObject","inLanguage":"fr-FR","@id":"https:\/\/blog.hahnemuehle.com\/fr\/hairdressers\/#primaryimage","url":"https:\/\/blog.hahnemuehle.com\/fr\/wp-content\/uploads\/sites\/10\/2015\/05\/Astrid-Schulz_Hairdressers.jpg","contentUrl":"https:\/\/blog.hahnemuehle.com\/fr\/wp-content\/uploads\/sites\/10\/2015\/05\/Astrid-Schulz_Hairdressers.jpg","width":521,"height":246},{"@type":"BreadcrumbList","@id":"https:\/\/blog.hahnemuehle.com\/fr\/hairdressers\/#breadcrumb","itemListElement":[{"@type":"ListItem","position":1,"name":"Home","item":"https:\/\/blog.hahnemuehle.com\/fr\/"},{"@type":"ListItem","position":2,"name":"\u00ab\u00a0Hairdressers\u00a0\u00bb la s\u00e9rie d\u00e9gag\u00e9e derri\u00e8re les oreilles de Astrid Schulz"}]},{"@type":"WebSite","@id":"https:\/\/blog.hahnemuehle.com\/fr\/#website","url":"https:\/\/blog.hahnemuehle.com\/fr\/","name":"Hahnem\u00fchle Blog","description":"","potentialAction":[{"@type":"SearchAction","target":{"@type":"EntryPoint","urlTemplate":"https:\/\/blog.hahnemuehle.com\/fr\/?s={search_term_string}"},"query-input":{"@type":"PropertyValueSpecification","valueRequired":true,"valueName":"search_term_string"}}],"inLanguage":"fr-FR"},{"@type":"Person","@id":"https:\/\/blog.hahnemuehle.com\/fr\/#\/schema\/person\/72521995229af8408f85fa002e8f3626","name":"Bettina Scheerbarth","image":{"@type":"ImageObject","inLanguage":"fr-FR","@id":"https:\/\/secure.gravatar.com\/avatar\/74531afc5c33660429ea7addff85487e31922849c774c51d41819929c5471e74?s=96&d=mm&r=g","url":"https:\/\/secure.gravatar.com\/avatar\/74531afc5c33660429ea7addff85487e31922849c774c51d41819929c5471e74?s=96&d=mm&r=g","contentUrl":"https:\/\/secure.gravatar.com\/avatar\/74531afc5c33660429ea7addff85487e31922849c774c51d41819929c5471e74?s=96&d=mm&r=g","caption":"Bettina Scheerbarth"},"url":"https:\/\/blog.hahnemuehle.com\/fr\/author\/b_scheerbarth\/"}]}},"jetpack_featured_media_url":"https:\/\/blog.hahnemuehle.com\/fr\/wp-content\/uploads\/sites\/10\/2015\/05\/Astrid-Schulz_Hairdressers.jpg","jetpack_shortlink":"https:\/\/wp.me\/p7Mut2-1LE","jetpack_sharing_enabled":true,"_links":{"self":[{"href":"https:\/\/blog.hahnemuehle.com\/fr\/wp-json\/wp\/v2\/posts\/6798","targetHints":{"allow":["GET"]}}],"collection":[{"href":"https:\/\/blog.hahnemuehle.com\/fr\/wp-json\/wp\/v2\/posts"}],"about":[{"href":"https:\/\/blog.hahnemuehle.com\/fr\/wp-json\/wp\/v2\/types\/post"}],"author":[{"embeddable":true,"href":"https:\/\/blog.hahnemuehle.com\/fr\/wp-json\/wp\/v2\/users\/9"}],"replies":[{"embeddable":true,"href":"https:\/\/blog.hahnemuehle.com\/fr\/wp-json\/wp\/v2\/comments?post=6798"}],"version-history":[{"count":1,"href":"https:\/\/blog.hahnemuehle.com\/fr\/wp-json\/wp\/v2\/posts\/6798\/revisions"}],"predecessor-version":[{"id":15940,"href":"https:\/\/blog.hahnemuehle.com\/fr\/wp-json\/wp\/v2\/posts\/6798\/revisions\/15940"}],"wp:featuredmedia":[{"embeddable":true,"href":"https:\/\/blog.hahnemuehle.com\/fr\/wp-json\/wp\/v2\/media\/6809"}],"wp:attachment":[{"href":"https:\/\/blog.hahnemuehle.com\/fr\/wp-json\/wp\/v2\/media?parent=6798"}],"wp:term":[{"taxonomy":"category","embeddable":true,"href":"https:\/\/blog.hahnemuehle.com\/fr\/wp-json\/wp\/v2\/categories?post=6798"},{"taxonomy":"post_tag","embeddable":true,"href":"https:\/\/blog.hahnemuehle.com\/fr\/wp-json\/wp\/v2\/tags?post=6798"}],"curies":[{"name":"wp","href":"https:\/\/api.w.org\/{rel}","templated":true}]}}